{"id":29142,"date":"2022-06-30T13:41:56","date_gmt":"2022-06-30T12:41:56","guid":{"rendered":"https:\/\/starforlife.org\/?p=29142"},"modified":"2022-07-22T10:51:38","modified_gmt":"2022-07-22T09:51:38","slug":"karim-gar-genom-norge-for-star-for-life","status":"publish","type":"post","link":"https:\/\/starforlife.org\/sv\/karim-gar-genom-norge-for-star-for-life\/","title":{"rendered":"Karim g\u00e5r genom Norge f\u00f6r Star for Life"},"content":{"rendered":"\n<p>Under sommaren kommer h\u00e4lsoprofilen och personlige tr\u00e4naren Karim Baraka att promenera 230 mil till f\u00f6rm\u00e5n f\u00f6r Star for Life. Han startade i Nordkap p\u00e5 midsommarafton och traskar nu s\u00f6derut med slutdestination Oslo i september. M\u00e5let \u00e4r att samla in 200 kronor f\u00f6r varje mil. Du kan f\u00f6lja hans \u00e4ventyr och kampanjen #dreamchallenge2022\u00a0direkt p\u00e5 Karims Instagram @karim_baraka och i v\u00e5ra sociala medier. <br>Vill du st\u00f6dja kampanjen, swisha till 900 1611 eller vippsa till 560\u00a0448 (m\u00e4rk ins\u00e4ttningen med Dream Challenge).\u00a0\u00a0<\/p>\n\n\n\n<p>L\u00e4s mer om hans vandring <a href=\"https:\/\/starforlife.org\/no\/dream-challenge-2022\/\">H\u00c4R<\/a><\/p>\n","protected":false},"excerpt":{"rendered":"<p>Under sommaren kommer h\u00e4lsoprofilen och personlige tr\u00e4naren Karim Baraka att promenera 230 mil till f\u00f6rm\u00e5n f\u00f6r Star for Life. Han startade i Nordkap p\u00e5 midsommarafton och traskar nu s\u00f6derut med slutdestination Oslo i september. M\u00e5let \u00e4r att samla in 200 kronor f\u00f6r varje mil. Du kan f\u00f6lja hans \u00e4ventyr och kampanjen #dreamchallenge2022\u00a0direkt p\u00e5 Karims Instagram [&hellip;]<\/p>\n","protected":false},"author":1,"featured_media":29143,"comment_status":"closed","ping_status":"open","sticky":false,"template":"","format":"standard","meta":{"_acf_changed":false,"_et_pb_use_builder":"off","_et_pb_old_content":"","_et_gb_content_width":"","inline_featured_image":false,"footnotes":""},"categories":[20],"tags":[],"class_list":["post-29142","post","type-post","status-publish","format-standard","has-post-thumbnail","hentry","category-nyheter"],"acf":[],"yoast_head":"<!-- This site is optimized with the Yoast SEO plugin v27.5 - https:\/\/yoast.com\/product\/yoast-seo-wordpress\/ -->\n<title>Karim g\u00e5r genom Norge f\u00f6r Star for Life | Star for Life<\/title>\n<meta name=\"robots\" content=\"index, follow, max-snippet:-1, max-image-preview:large, max-video-preview:-1\" \/>\n<link rel=\"canonical\" href=\"https:\/\/starforlife.org\/karim-gar-genom-norge-for-star-for-life\/\" \/>\n<meta property=\"og:locale\" content=\"sv_SE\" \/>\n<meta property=\"og:type\" content=\"article\" \/>\n<meta property=\"og:title\" content=\"Karim g\u00e5r genom Norge f\u00f6r Star for Life | Star for Life\" \/>\n<meta property=\"og:description\" content=\"Under sommaren kommer h\u00e4lsoprofilen och personlige tr\u00e4naren Karim Baraka att promenera 230 mil till f\u00f6rm\u00e5n f\u00f6r Star for Life. Han startade i Nordkap p\u00e5 midsommarafton och traskar nu s\u00f6derut med slutdestination Oslo i september. M\u00e5let \u00e4r att samla in 200 kronor f\u00f6r varje mil. Du kan f\u00f6lja hans \u00e4ventyr och kampanjen #dreamchallenge2022\u00a0direkt p\u00e5 Karims Instagram [&hellip;]\" \/>\n<meta property=\"og:site_name\" content=\"Star for Life\" \/>\n<meta property=\"article:publisher\" content=\"https:\/\/www.facebook.com\/starforlifeofficial\" \/>\n<meta property=\"article:published_time\" content=\"2022-06-30T12:41:56+00:00\" \/>\n<meta property=\"article:modified_time\" content=\"2022-07-22T09:51:38+00:00\" \/>\n<meta property=\"og:image\" content=\"https:\/\/starforlife.org\/wp-content\/uploads\/2022\/06\/Karim-Selfie.jpg\" \/>\n\t<meta property=\"og:image:width\" content=\"1296\" \/>\n\t<meta property=\"og:image:height\" content=\"972\" \/>\n\t<meta property=\"og:image:type\" content=\"image\/jpeg\" \/>\n<meta name=\"author\" content=\"elin@elindstrom.se\" \/>\n<meta name=\"twitter:card\" content=\"summary_large_image\" \/>\n<meta name=\"twitter:label1\" content=\"Skriven av\" \/>\n\t<meta name=\"twitter:data1\" content=\"elin@elindstrom.se\" \/>\n<script type=\"application\/ld+json\" class=\"yoast-schema-graph\">{\"@context\":\"https:\\\/\\\/schema.org\",\"@graph\":[{\"@type\":\"Article\",\"@id\":\"https:\\\/\\\/starforlife.org\\\/karim-gar-genom-norge-for-star-for-life\\\/#article\",\"isPartOf\":{\"@id\":\"https:\\\/\\\/starforlife.org\\\/karim-gar-genom-norge-for-star-for-life\\\/\"},\"author\":{\"name\":\"elin@elindstrom.se\",\"@id\":\"https:\\\/\\\/starforlife.org\\\/#\\\/schema\\\/person\\\/b92dd442c701de89aee770ed1b04331b\"},\"headline\":\"Karim g\u00e5r genom Norge f\u00f6r Star for Life\",\"datePublished\":\"2022-06-30T12:41:56+00:00\",\"dateModified\":\"2022-07-22T09:51:38+00:00\",\"mainEntityOfPage\":{\"@id\":\"https:\\\/\\\/starforlife.org\\\/karim-gar-genom-norge-for-star-for-life\\\/\"},\"wordCount\":106,\"publisher\":{\"@id\":\"https:\\\/\\\/starforlife.org\\\/#organization\"},\"image\":{\"@id\":\"https:\\\/\\\/starforlife.org\\\/karim-gar-genom-norge-for-star-for-life\\\/#primaryimage\"},\"thumbnailUrl\":\"https:\\\/\\\/starforlife.org\\\/wp-content\\\/uploads\\\/2022\\\/06\\\/Karim-Selfie.jpg\",\"articleSection\":[\"- Nyheter\"],\"inLanguage\":\"sv-SE\"},{\"@type\":\"WebPage\",\"@id\":\"https:\\\/\\\/starforlife.org\\\/karim-gar-genom-norge-for-star-for-life\\\/\",\"url\":\"https:\\\/\\\/starforlife.org\\\/karim-gar-genom-norge-for-star-for-life\\\/\",\"name\":\"Karim g\u00e5r genom Norge f\u00f6r Star for Life | Star for Life\",\"isPartOf\":{\"@id\":\"https:\\\/\\\/starforlife.org\\\/#website\"},\"primaryImageOfPage\":{\"@id\":\"https:\\\/\\\/starforlife.org\\\/karim-gar-genom-norge-for-star-for-life\\\/#primaryimage\"},\"image\":{\"@id\":\"https:\\\/\\\/starforlife.org\\\/karim-gar-genom-norge-for-star-for-life\\\/#primaryimage\"},\"thumbnailUrl\":\"https:\\\/\\\/starforlife.org\\\/wp-content\\\/uploads\\\/2022\\\/06\\\/Karim-Selfie.jpg\",\"datePublished\":\"2022-06-30T12:41:56+00:00\",\"dateModified\":\"2022-07-22T09:51:38+00:00\",\"inLanguage\":\"sv-SE\",\"potentialAction\":[{\"@type\":\"ReadAction\",\"target\":[\"https:\\\/\\\/starforlife.org\\\/karim-gar-genom-norge-for-star-for-life\\\/\"]}]},{\"@type\":\"ImageObject\",\"inLanguage\":\"sv-SE\",\"@id\":\"https:\\\/\\\/starforlife.org\\\/karim-gar-genom-norge-for-star-for-life\\\/#primaryimage\",\"url\":\"https:\\\/\\\/starforlife.org\\\/wp-content\\\/uploads\\\/2022\\\/06\\\/Karim-Selfie.jpg\",\"contentUrl\":\"https:\\\/\\\/starforlife.org\\\/wp-content\\\/uploads\\\/2022\\\/06\\\/Karim-Selfie.jpg\",\"width\":1296,\"height\":972},{\"@type\":\"WebSite\",\"@id\":\"https:\\\/\\\/starforlife.org\\\/#website\",\"url\":\"https:\\\/\\\/starforlife.org\\\/\",\"name\":\"Star for Life\",\"description\":\"Empowering young people\",\"publisher\":{\"@id\":\"https:\\\/\\\/starforlife.org\\\/#organization\"},\"alternateName\":\"SFL\",\"potentialAction\":[{\"@type\":\"SearchAction\",\"target\":{\"@type\":\"EntryPoint\",\"urlTemplate\":\"https:\\\/\\\/starforlife.org\\\/?s={search_term_string}\"},\"query-input\":{\"@type\":\"PropertyValueSpecification\",\"valueRequired\":true,\"valueName\":\"search_term_string\"}}],\"inLanguage\":\"sv-SE\"},{\"@type\":\"Organization\",\"@id\":\"https:\\\/\\\/starforlife.org\\\/#organization\",\"name\":\"Star for life\",\"url\":\"https:\\\/\\\/starforlife.org\\\/\",\"logo\":{\"@type\":\"ImageObject\",\"inLanguage\":\"sv-SE\",\"@id\":\"https:\\\/\\\/starforlife.org\\\/#\\\/schema\\\/logo\\\/image\\\/\",\"url\":\"https:\\\/\\\/starforlife.org\\\/wp-content\\\/uploads\\\/2024\\\/02\\\/logga.svg\",\"contentUrl\":\"https:\\\/\\\/starforlife.org\\\/wp-content\\\/uploads\\\/2024\\\/02\\\/logga.svg\",\"width\":\"1024\",\"height\":\"1024\",\"caption\":\"Star for life\"},\"image\":{\"@id\":\"https:\\\/\\\/starforlife.org\\\/#\\\/schema\\\/logo\\\/image\\\/\"},\"sameAs\":[\"https:\\\/\\\/www.facebook.com\\\/starforlifeofficial\",\"https:\\\/\\\/www.linkedin.com\\\/company\\\/7063029\\\/\"]},{\"@type\":\"Person\",\"@id\":\"https:\\\/\\\/starforlife.org\\\/#\\\/schema\\\/person\\\/b92dd442c701de89aee770ed1b04331b\",\"name\":\"elin@elindstrom.se\",\"image\":{\"@type\":\"ImageObject\",\"inLanguage\":\"sv-SE\",\"@id\":\"https:\\\/\\\/secure.gravatar.com\\\/avatar\\\/573d017884b83f5d6e9567562f0e6188fc960321c4141a9eacee869a63e4768b?s=96&d=mm&r=g\",\"url\":\"https:\\\/\\\/secure.gravatar.com\\\/avatar\\\/573d017884b83f5d6e9567562f0e6188fc960321c4141a9eacee869a63e4768b?s=96&d=mm&r=g\",\"contentUrl\":\"https:\\\/\\\/secure.gravatar.com\\\/avatar\\\/573d017884b83f5d6e9567562f0e6188fc960321c4141a9eacee869a63e4768b?s=96&d=mm&r=g\",\"caption\":\"elin@elindstrom.se\"},\"sameAs\":[\"https:\\\/\\\/starforlife.org\"]}]}<\/script>\n<!-- \/ Yoast SEO plugin. -->","yoast_head_json":{"title":"Karim g\u00e5r genom Norge f\u00f6r Star for Life | Star for Life","robots":{"index":"index","follow":"follow","max-snippet":"max-snippet:-1","max-image-preview":"max-image-preview:large","max-video-preview":"max-video-preview:-1"},"canonical":"https:\/\/starforlife.org\/karim-gar-genom-norge-for-star-for-life\/","og_locale":"sv_SE","og_type":"article","og_title":"Karim g\u00e5r genom Norge f\u00f6r Star for Life | Star for Life","og_description":"Under sommaren kommer h\u00e4lsoprofilen och personlige tr\u00e4naren Karim Baraka att promenera 230 mil till f\u00f6rm\u00e5n f\u00f6r Star for Life. Han startade i Nordkap p\u00e5 midsommarafton och traskar nu s\u00f6derut med slutdestination Oslo i september. M\u00e5let \u00e4r att samla in 200 kronor f\u00f6r varje mil. Du kan f\u00f6lja hans \u00e4ventyr och kampanjen #dreamchallenge2022\u00a0direkt p\u00e5 Karims Instagram [&hellip;]","og_site_name":"Star for Life","article_publisher":"https:\/\/www.facebook.com\/starforlifeofficial","article_published_time":"2022-06-30T12:41:56+00:00","article_modified_time":"2022-07-22T09:51:38+00:00","og_image":[{"width":1296,"height":972,"url":"https:\/\/starforlife.org\/wp-content\/uploads\/2022\/06\/Karim-Selfie.jpg","type":"image\/jpeg"}],"author":"elin@elindstrom.se","twitter_card":"summary_large_image","twitter_misc":{"Skriven av":"elin@elindstrom.se"},"schema":{"@context":"https:\/\/schema.org","@graph":[{"@type":"Article","@id":"https:\/\/starforlife.org\/karim-gar-genom-norge-for-star-for-life\/#article","isPartOf":{"@id":"https:\/\/starforlife.org\/karim-gar-genom-norge-for-star-for-life\/"},"author":{"name":"elin@elindstrom.se","@id":"https:\/\/starforlife.org\/#\/schema\/person\/b92dd442c701de89aee770ed1b04331b"},"headline":"Karim g\u00e5r genom Norge f\u00f6r Star for Life","datePublished":"2022-06-30T12:41:56+00:00","dateModified":"2022-07-22T09:51:38+00:00","mainEntityOfPage":{"@id":"https:\/\/starforlife.org\/karim-gar-genom-norge-for-star-for-life\/"},"wordCount":106,"publisher":{"@id":"https:\/\/starforlife.org\/#organization"},"image":{"@id":"https:\/\/starforlife.org\/karim-gar-genom-norge-for-star-for-life\/#primaryimage"},"thumbnailUrl":"https:\/\/starforlife.org\/wp-content\/uploads\/2022\/06\/Karim-Selfie.jpg","articleSection":["- Nyheter"],"inLanguage":"sv-SE"},{"@type":"WebPage","@id":"https:\/\/starforlife.org\/karim-gar-genom-norge-for-star-for-life\/","url":"https:\/\/starforlife.org\/karim-gar-genom-norge-for-star-for-life\/","name":"Karim g\u00e5r genom Norge f\u00f6r Star for Life | Star for Life","isPartOf":{"@id":"https:\/\/starforlife.org\/#website"},"primaryImageOfPage":{"@id":"https:\/\/starforlife.org\/karim-gar-genom-norge-for-star-for-life\/#primaryimage"},"image":{"@id":"https:\/\/starforlife.org\/karim-gar-genom-norge-for-star-for-life\/#primaryimage"},"thumbnailUrl":"https:\/\/starforlife.org\/wp-content\/uploads\/2022\/06\/Karim-Selfie.jpg","datePublished":"2022-06-30T12:41:56+00:00","dateModified":"2022-07-22T09:51:38+00:00","inLanguage":"sv-SE","potentialAction":[{"@type":"ReadAction","target":["https:\/\/starforlife.org\/karim-gar-genom-norge-for-star-for-life\/"]}]},{"@type":"ImageObject","inLanguage":"sv-SE","@id":"https:\/\/starforlife.org\/karim-gar-genom-norge-for-star-for-life\/#primaryimage","url":"https:\/\/starforlife.org\/wp-content\/uploads\/2022\/06\/Karim-Selfie.jpg","contentUrl":"https:\/\/starforlife.org\/wp-content\/uploads\/2022\/06\/Karim-Selfie.jpg","width":1296,"height":972},{"@type":"WebSite","@id":"https:\/\/starforlife.org\/#website","url":"https:\/\/starforlife.org\/","name":"Star for Life","description":"Empowering young people","publisher":{"@id":"https:\/\/starforlife.org\/#organization"},"alternateName":"SFL","potentialAction":[{"@type":"SearchAction","target":{"@type":"EntryPoint","urlTemplate":"https:\/\/starforlife.org\/?s={search_term_string}"},"query-input":{"@type":"PropertyValueSpecification","valueRequired":true,"valueName":"search_term_string"}}],"inLanguage":"sv-SE"},{"@type":"Organization","@id":"https:\/\/starforlife.org\/#organization","name":"Star for life","url":"https:\/\/starforlife.org\/","logo":{"@type":"ImageObject","inLanguage":"sv-SE","@id":"https:\/\/starforlife.org\/#\/schema\/logo\/image\/","url":"https:\/\/starforlife.org\/wp-content\/uploads\/2024\/02\/logga.svg","contentUrl":"https:\/\/starforlife.org\/wp-content\/uploads\/2024\/02\/logga.svg","width":"1024","height":"1024","caption":"Star for life"},"image":{"@id":"https:\/\/starforlife.org\/#\/schema\/logo\/image\/"},"sameAs":["https:\/\/www.facebook.com\/starforlifeofficial","https:\/\/www.linkedin.com\/company\/7063029\/"]},{"@type":"Person","@id":"https:\/\/starforlife.org\/#\/schema\/person\/b92dd442c701de89aee770ed1b04331b","name":"elin@elindstrom.se","image":{"@type":"ImageObject","inLanguage":"sv-SE","@id":"https:\/\/secure.gravatar.com\/avatar\/573d017884b83f5d6e9567562f0e6188fc960321c4141a9eacee869a63e4768b?s=96&d=mm&r=g","url":"https:\/\/secure.gravatar.com\/avatar\/573d017884b83f5d6e9567562f0e6188fc960321c4141a9eacee869a63e4768b?s=96&d=mm&r=g","contentUrl":"https:\/\/secure.gravatar.com\/avatar\/573d017884b83f5d6e9567562f0e6188fc960321c4141a9eacee869a63e4768b?s=96&d=mm&r=g","caption":"elin@elindstrom.se"},"sameAs":["https:\/\/starforlife.org"]}]}},"_links":{"self":[{"href":"https:\/\/starforlife.org\/sv\/wp-json\/wp\/v2\/posts\/29142","targetHints":{"allow":["GET"]}}],"collection":[{"href":"https:\/\/starforlife.org\/sv\/wp-json\/wp\/v2\/posts"}],"about":[{"href":"https:\/\/starforlife.org\/sv\/wp-json\/wp\/v2\/types\/post"}],"author":[{"embeddable":true,"href":"https:\/\/starforlife.org\/sv\/wp-json\/wp\/v2\/users\/1"}],"replies":[{"embeddable":true,"href":"https:\/\/starforlife.org\/sv\/wp-json\/wp\/v2\/comments?post=29142"}],"version-history":[{"count":6,"href":"https:\/\/starforlife.org\/sv\/wp-json\/wp\/v2\/posts\/29142\/revisions"}],"predecessor-version":[{"id":29424,"href":"https:\/\/starforlife.org\/sv\/wp-json\/wp\/v2\/posts\/29142\/revisions\/29424"}],"wp:featuredmedia":[{"embeddable":true,"href":"https:\/\/starforlife.org\/sv\/wp-json\/wp\/v2\/media\/29143"}],"wp:attachment":[{"href":"https:\/\/starforlife.org\/sv\/wp-json\/wp\/v2\/media?parent=29142"}],"wp:term":[{"taxonomy":"category","embeddable":true,"href":"https:\/\/starforlife.org\/sv\/wp-json\/wp\/v2\/categories?post=29142"},{"taxonomy":"post_tag","embeddable":true,"href":"https:\/\/starforlife.org\/sv\/wp-json\/wp\/v2\/tags?post=29142"}],"curies":[{"name":"wp","href":"https:\/\/api.w.org\/{rel}","templated":true}]}}