{"id":26828,"date":"2021-05-04T15:03:33","date_gmt":"2021-05-04T14:03:33","guid":{"rendered":"https:\/\/starforlife.org\/?p=26828"},"modified":"2021-05-05T10:22:13","modified_gmt":"2021-05-05T09:22:13","slug":"dream-challenge-har-natt-malet-i-sydafrika","status":"publish","type":"post","link":"https:\/\/starforlife.org\/sv\/dream-challenge-har-natt-malet-i-sydafrika\/","title":{"rendered":"Dream Challenge har n\u00e5tt m\u00e5let i Sydafrika"},"content":{"rendered":"\n<p>Insamlingsloppet Dream Challenge har n\u00e5tt fram till m\u00e5let i Sydafrika. Och det p\u00e5 rekordsnabba tiden fyra veckor! Det 1 600 mil l\u00e5nga loppet har g\u00e5tt genom 15 l\u00e4nder p\u00e5 sin v\u00e4g genom Europa och Afrika fram till slutm\u00e5let Hluhluwe i Sydafrika.<\/p>\n\n\n\n<p>-Vi \u00e4r otroligt tacksamma \u00f6ver att det finns s\u00e5 m\u00e5nga som vill bidra. Vi vill rikta ett stort tack till b\u00e5de f\u00f6retag och privatpersoner som&nbsp;har&nbsp;promenerat, sprungit och cyklat&nbsp;f\u00f6r att samla mil och pengar till Star for Life, s\u00e4ger Lois Petersson, projektledare f\u00f6r Dream Challenge.&nbsp;<\/p>\n","protected":false},"excerpt":{"rendered":"<p>Insamlingsloppet Dream Challenge har n\u00e5tt fram till m\u00e5let i Sydafrika. Och det p\u00e5 rekordsnabba tiden fyra veckor! Det 1 600 mil l\u00e5nga loppet har g\u00e5tt genom 15 l\u00e4nder p\u00e5 sin v\u00e4g genom Europa och Afrika fram till slutm\u00e5let Hluhluwe i Sydafrika. -Vi \u00e4r otroligt tacksamma \u00f6ver att det finns s\u00e5 m\u00e5nga som vill bidra. Vi [&hellip;]<\/p>\n","protected":false},"author":1,"featured_media":26852,"comment_status":"closed","ping_status":"open","sticky":false,"template":"","format":"standard","meta":{"_acf_changed":false,"_et_pb_use_builder":"off","_et_pb_old_content":"","_et_gb_content_width":"","inline_featured_image":false,"footnotes":""},"categories":[20],"tags":[],"class_list":["post-26828","post","type-post","status-publish","format-standard","has-post-thumbnail","hentry","category-nyheter"],"acf":[],"yoast_head":"<!-- This site is optimized with the Yoast SEO plugin v27.5 - https:\/\/yoast.com\/product\/yoast-seo-wordpress\/ -->\n<title>Dream Challenge har n\u00e5tt m\u00e5let i Sydafrika | Star for Life<\/title>\n<meta name=\"robots\" content=\"index, follow, max-snippet:-1, max-image-preview:large, max-video-preview:-1\" \/>\n<link rel=\"canonical\" href=\"https:\/\/starforlife.org\/dream-challenge-har-natt-malet-i-sydafrika\/\" \/>\n<meta property=\"og:locale\" content=\"sv_SE\" \/>\n<meta property=\"og:type\" content=\"article\" \/>\n<meta property=\"og:title\" content=\"Dream Challenge har n\u00e5tt m\u00e5let i Sydafrika | Star for Life\" \/>\n<meta property=\"og:description\" content=\"Insamlingsloppet Dream Challenge har n\u00e5tt fram till m\u00e5let i Sydafrika. Och det p\u00e5 rekordsnabba tiden fyra veckor! Det 1 600 mil l\u00e5nga loppet har g\u00e5tt genom 15 l\u00e4nder p\u00e5 sin v\u00e4g genom Europa och Afrika fram till slutm\u00e5let Hluhluwe i Sydafrika. -Vi \u00e4r otroligt tacksamma \u00f6ver att det finns s\u00e5 m\u00e5nga som vill bidra. Vi [&hellip;]\" \/>\n<meta property=\"og:site_name\" content=\"Star for Life\" \/>\n<meta property=\"article:publisher\" content=\"https:\/\/www.facebook.com\/starforlifeofficial\" \/>\n<meta property=\"article:published_time\" content=\"2021-05-04T14:03:33+00:00\" \/>\n<meta property=\"article:modified_time\" content=\"2021-05-05T09:22:13+00:00\" \/>\n<meta property=\"og:image\" content=\"https:\/\/starforlife.org\/wp-content\/uploads\/2021\/05\/Mallinjen.png\" \/>\n\t<meta property=\"og:image:width\" content=\"1086\" \/>\n\t<meta property=\"og:image:height\" content=\"663\" \/>\n\t<meta property=\"og:image:type\" content=\"image\/png\" \/>\n<meta name=\"author\" content=\"elin@elindstrom.se\" \/>\n<meta name=\"twitter:card\" content=\"summary_large_image\" \/>\n<meta name=\"twitter:label1\" content=\"Skriven av\" \/>\n\t<meta name=\"twitter:data1\" content=\"elin@elindstrom.se\" \/>\n\t<meta name=\"twitter:label2\" content=\"Ber\u00e4knad l\u00e4stid\" \/>\n\t<meta name=\"twitter:data2\" content=\"1 minut\" \/>\n<script type=\"application\/ld+json\" class=\"yoast-schema-graph\">{\"@context\":\"https:\\\/\\\/schema.org\",\"@graph\":[{\"@type\":\"Article\",\"@id\":\"https:\\\/\\\/starforlife.org\\\/dream-challenge-har-natt-malet-i-sydafrika\\\/#article\",\"isPartOf\":{\"@id\":\"https:\\\/\\\/starforlife.org\\\/dream-challenge-har-natt-malet-i-sydafrika\\\/\"},\"author\":{\"name\":\"elin@elindstrom.se\",\"@id\":\"https:\\\/\\\/starforlife.org\\\/#\\\/schema\\\/person\\\/b92dd442c701de89aee770ed1b04331b\"},\"headline\":\"Dream Challenge har n\u00e5tt m\u00e5let i Sydafrika\",\"datePublished\":\"2021-05-04T14:03:33+00:00\",\"dateModified\":\"2021-05-05T09:22:13+00:00\",\"mainEntityOfPage\":{\"@id\":\"https:\\\/\\\/starforlife.org\\\/dream-challenge-har-natt-malet-i-sydafrika\\\/\"},\"wordCount\":111,\"publisher\":{\"@id\":\"https:\\\/\\\/starforlife.org\\\/#organization\"},\"image\":{\"@id\":\"https:\\\/\\\/starforlife.org\\\/dream-challenge-har-natt-malet-i-sydafrika\\\/#primaryimage\"},\"thumbnailUrl\":\"https:\\\/\\\/starforlife.org\\\/wp-content\\\/uploads\\\/2021\\\/05\\\/Mallinjen.png\",\"articleSection\":[\"- Nyheter\"],\"inLanguage\":\"sv-SE\"},{\"@type\":\"WebPage\",\"@id\":\"https:\\\/\\\/starforlife.org\\\/dream-challenge-har-natt-malet-i-sydafrika\\\/\",\"url\":\"https:\\\/\\\/starforlife.org\\\/dream-challenge-har-natt-malet-i-sydafrika\\\/\",\"name\":\"Dream Challenge har n\u00e5tt m\u00e5let i Sydafrika | Star for Life\",\"isPartOf\":{\"@id\":\"https:\\\/\\\/starforlife.org\\\/#website\"},\"primaryImageOfPage\":{\"@id\":\"https:\\\/\\\/starforlife.org\\\/dream-challenge-har-natt-malet-i-sydafrika\\\/#primaryimage\"},\"image\":{\"@id\":\"https:\\\/\\\/starforlife.org\\\/dream-challenge-har-natt-malet-i-sydafrika\\\/#primaryimage\"},\"thumbnailUrl\":\"https:\\\/\\\/starforlife.org\\\/wp-content\\\/uploads\\\/2021\\\/05\\\/Mallinjen.png\",\"datePublished\":\"2021-05-04T14:03:33+00:00\",\"dateModified\":\"2021-05-05T09:22:13+00:00\",\"inLanguage\":\"sv-SE\",\"potentialAction\":[{\"@type\":\"ReadAction\",\"target\":[\"https:\\\/\\\/starforlife.org\\\/dream-challenge-har-natt-malet-i-sydafrika\\\/\"]}]},{\"@type\":\"ImageObject\",\"inLanguage\":\"sv-SE\",\"@id\":\"https:\\\/\\\/starforlife.org\\\/dream-challenge-har-natt-malet-i-sydafrika\\\/#primaryimage\",\"url\":\"https:\\\/\\\/starforlife.org\\\/wp-content\\\/uploads\\\/2021\\\/05\\\/Mallinjen.png\",\"contentUrl\":\"https:\\\/\\\/starforlife.org\\\/wp-content\\\/uploads\\\/2021\\\/05\\\/Mallinjen.png\",\"width\":1086,\"height\":663},{\"@type\":\"WebSite\",\"@id\":\"https:\\\/\\\/starforlife.org\\\/#website\",\"url\":\"https:\\\/\\\/starforlife.org\\\/\",\"name\":\"Star for Life\",\"description\":\"Empowering young people\",\"publisher\":{\"@id\":\"https:\\\/\\\/starforlife.org\\\/#organization\"},\"alternateName\":\"SFL\",\"potentialAction\":[{\"@type\":\"SearchAction\",\"target\":{\"@type\":\"EntryPoint\",\"urlTemplate\":\"https:\\\/\\\/starforlife.org\\\/?s={search_term_string}\"},\"query-input\":{\"@type\":\"PropertyValueSpecification\",\"valueRequired\":true,\"valueName\":\"search_term_string\"}}],\"inLanguage\":\"sv-SE\"},{\"@type\":\"Organization\",\"@id\":\"https:\\\/\\\/starforlife.org\\\/#organization\",\"name\":\"Star for life\",\"url\":\"https:\\\/\\\/starforlife.org\\\/\",\"logo\":{\"@type\":\"ImageObject\",\"inLanguage\":\"sv-SE\",\"@id\":\"https:\\\/\\\/starforlife.org\\\/#\\\/schema\\\/logo\\\/image\\\/\",\"url\":\"https:\\\/\\\/starforlife.org\\\/wp-content\\\/uploads\\\/2024\\\/02\\\/logga.svg\",\"contentUrl\":\"https:\\\/\\\/starforlife.org\\\/wp-content\\\/uploads\\\/2024\\\/02\\\/logga.svg\",\"width\":\"1024\",\"height\":\"1024\",\"caption\":\"Star for life\"},\"image\":{\"@id\":\"https:\\\/\\\/starforlife.org\\\/#\\\/schema\\\/logo\\\/image\\\/\"},\"sameAs\":[\"https:\\\/\\\/www.facebook.com\\\/starforlifeofficial\",\"https:\\\/\\\/www.linkedin.com\\\/company\\\/7063029\\\/\"]},{\"@type\":\"Person\",\"@id\":\"https:\\\/\\\/starforlife.org\\\/#\\\/schema\\\/person\\\/b92dd442c701de89aee770ed1b04331b\",\"name\":\"elin@elindstrom.se\",\"image\":{\"@type\":\"ImageObject\",\"inLanguage\":\"sv-SE\",\"@id\":\"https:\\\/\\\/secure.gravatar.com\\\/avatar\\\/573d017884b83f5d6e9567562f0e6188fc960321c4141a9eacee869a63e4768b?s=96&d=mm&r=g\",\"url\":\"https:\\\/\\\/secure.gravatar.com\\\/avatar\\\/573d017884b83f5d6e9567562f0e6188fc960321c4141a9eacee869a63e4768b?s=96&d=mm&r=g\",\"contentUrl\":\"https:\\\/\\\/secure.gravatar.com\\\/avatar\\\/573d017884b83f5d6e9567562f0e6188fc960321c4141a9eacee869a63e4768b?s=96&d=mm&r=g\",\"caption\":\"elin@elindstrom.se\"},\"sameAs\":[\"https:\\\/\\\/starforlife.org\"]}]}<\/script>\n<!-- \/ Yoast SEO plugin. -->","yoast_head_json":{"title":"Dream Challenge har n\u00e5tt m\u00e5let i Sydafrika | Star for Life","robots":{"index":"index","follow":"follow","max-snippet":"max-snippet:-1","max-image-preview":"max-image-preview:large","max-video-preview":"max-video-preview:-1"},"canonical":"https:\/\/starforlife.org\/dream-challenge-har-natt-malet-i-sydafrika\/","og_locale":"sv_SE","og_type":"article","og_title":"Dream Challenge har n\u00e5tt m\u00e5let i Sydafrika | Star for Life","og_description":"Insamlingsloppet Dream Challenge har n\u00e5tt fram till m\u00e5let i Sydafrika. Och det p\u00e5 rekordsnabba tiden fyra veckor! Det 1 600 mil l\u00e5nga loppet har g\u00e5tt genom 15 l\u00e4nder p\u00e5 sin v\u00e4g genom Europa och Afrika fram till slutm\u00e5let Hluhluwe i Sydafrika. -Vi \u00e4r otroligt tacksamma \u00f6ver att det finns s\u00e5 m\u00e5nga som vill bidra. Vi [&hellip;]","og_site_name":"Star for Life","article_publisher":"https:\/\/www.facebook.com\/starforlifeofficial","article_published_time":"2021-05-04T14:03:33+00:00","article_modified_time":"2021-05-05T09:22:13+00:00","og_image":[{"width":1086,"height":663,"url":"https:\/\/starforlife.org\/wp-content\/uploads\/2021\/05\/Mallinjen.png","type":"image\/png"}],"author":"elin@elindstrom.se","twitter_card":"summary_large_image","twitter_misc":{"Skriven av":"elin@elindstrom.se","Ber\u00e4knad l\u00e4stid":"1 minut"},"schema":{"@context":"https:\/\/schema.org","@graph":[{"@type":"Article","@id":"https:\/\/starforlife.org\/dream-challenge-har-natt-malet-i-sydafrika\/#article","isPartOf":{"@id":"https:\/\/starforlife.org\/dream-challenge-har-natt-malet-i-sydafrika\/"},"author":{"name":"elin@elindstrom.se","@id":"https:\/\/starforlife.org\/#\/schema\/person\/b92dd442c701de89aee770ed1b04331b"},"headline":"Dream Challenge har n\u00e5tt m\u00e5let i Sydafrika","datePublished":"2021-05-04T14:03:33+00:00","dateModified":"2021-05-05T09:22:13+00:00","mainEntityOfPage":{"@id":"https:\/\/starforlife.org\/dream-challenge-har-natt-malet-i-sydafrika\/"},"wordCount":111,"publisher":{"@id":"https:\/\/starforlife.org\/#organization"},"image":{"@id":"https:\/\/starforlife.org\/dream-challenge-har-natt-malet-i-sydafrika\/#primaryimage"},"thumbnailUrl":"https:\/\/starforlife.org\/wp-content\/uploads\/2021\/05\/Mallinjen.png","articleSection":["- Nyheter"],"inLanguage":"sv-SE"},{"@type":"WebPage","@id":"https:\/\/starforlife.org\/dream-challenge-har-natt-malet-i-sydafrika\/","url":"https:\/\/starforlife.org\/dream-challenge-har-natt-malet-i-sydafrika\/","name":"Dream Challenge har n\u00e5tt m\u00e5let i Sydafrika | Star for Life","isPartOf":{"@id":"https:\/\/starforlife.org\/#website"},"primaryImageOfPage":{"@id":"https:\/\/starforlife.org\/dream-challenge-har-natt-malet-i-sydafrika\/#primaryimage"},"image":{"@id":"https:\/\/starforlife.org\/dream-challenge-har-natt-malet-i-sydafrika\/#primaryimage"},"thumbnailUrl":"https:\/\/starforlife.org\/wp-content\/uploads\/2021\/05\/Mallinjen.png","datePublished":"2021-05-04T14:03:33+00:00","dateModified":"2021-05-05T09:22:13+00:00","inLanguage":"sv-SE","potentialAction":[{"@type":"ReadAction","target":["https:\/\/starforlife.org\/dream-challenge-har-natt-malet-i-sydafrika\/"]}]},{"@type":"ImageObject","inLanguage":"sv-SE","@id":"https:\/\/starforlife.org\/dream-challenge-har-natt-malet-i-sydafrika\/#primaryimage","url":"https:\/\/starforlife.org\/wp-content\/uploads\/2021\/05\/Mallinjen.png","contentUrl":"https:\/\/starforlife.org\/wp-content\/uploads\/2021\/05\/Mallinjen.png","width":1086,"height":663},{"@type":"WebSite","@id":"https:\/\/starforlife.org\/#website","url":"https:\/\/starforlife.org\/","name":"Star for Life","description":"Empowering young people","publisher":{"@id":"https:\/\/starforlife.org\/#organization"},"alternateName":"SFL","potentialAction":[{"@type":"SearchAction","target":{"@type":"EntryPoint","urlTemplate":"https:\/\/starforlife.org\/?s={search_term_string}"},"query-input":{"@type":"PropertyValueSpecification","valueRequired":true,"valueName":"search_term_string"}}],"inLanguage":"sv-SE"},{"@type":"Organization","@id":"https:\/\/starforlife.org\/#organization","name":"Star for life","url":"https:\/\/starforlife.org\/","logo":{"@type":"ImageObject","inLanguage":"sv-SE","@id":"https:\/\/starforlife.org\/#\/schema\/logo\/image\/","url":"https:\/\/starforlife.org\/wp-content\/uploads\/2024\/02\/logga.svg","contentUrl":"https:\/\/starforlife.org\/wp-content\/uploads\/2024\/02\/logga.svg","width":"1024","height":"1024","caption":"Star for life"},"image":{"@id":"https:\/\/starforlife.org\/#\/schema\/logo\/image\/"},"sameAs":["https:\/\/www.facebook.com\/starforlifeofficial","https:\/\/www.linkedin.com\/company\/7063029\/"]},{"@type":"Person","@id":"https:\/\/starforlife.org\/#\/schema\/person\/b92dd442c701de89aee770ed1b04331b","name":"elin@elindstrom.se","image":{"@type":"ImageObject","inLanguage":"sv-SE","@id":"https:\/\/secure.gravatar.com\/avatar\/573d017884b83f5d6e9567562f0e6188fc960321c4141a9eacee869a63e4768b?s=96&d=mm&r=g","url":"https:\/\/secure.gravatar.com\/avatar\/573d017884b83f5d6e9567562f0e6188fc960321c4141a9eacee869a63e4768b?s=96&d=mm&r=g","contentUrl":"https:\/\/secure.gravatar.com\/avatar\/573d017884b83f5d6e9567562f0e6188fc960321c4141a9eacee869a63e4768b?s=96&d=mm&r=g","caption":"elin@elindstrom.se"},"sameAs":["https:\/\/starforlife.org"]}]}},"_links":{"self":[{"href":"https:\/\/starforlife.org\/sv\/wp-json\/wp\/v2\/posts\/26828","targetHints":{"allow":["GET"]}}],"collection":[{"href":"https:\/\/starforlife.org\/sv\/wp-json\/wp\/v2\/posts"}],"about":[{"href":"https:\/\/starforlife.org\/sv\/wp-json\/wp\/v2\/types\/post"}],"author":[{"embeddable":true,"href":"https:\/\/starforlife.org\/sv\/wp-json\/wp\/v2\/users\/1"}],"replies":[{"embeddable":true,"href":"https:\/\/starforlife.org\/sv\/wp-json\/wp\/v2\/comments?post=26828"}],"version-history":[{"count":5,"href":"https:\/\/starforlife.org\/sv\/wp-json\/wp\/v2\/posts\/26828\/revisions"}],"predecessor-version":[{"id":26845,"href":"https:\/\/starforlife.org\/sv\/wp-json\/wp\/v2\/posts\/26828\/revisions\/26845"}],"wp:featuredmedia":[{"embeddable":true,"href":"https:\/\/starforlife.org\/sv\/wp-json\/wp\/v2\/media\/26852"}],"wp:attachment":[{"href":"https:\/\/starforlife.org\/sv\/wp-json\/wp\/v2\/media?parent=26828"}],"wp:term":[{"taxonomy":"category","embeddable":true,"href":"https:\/\/starforlife.org\/sv\/wp-json\/wp\/v2\/categories?post=26828"},{"taxonomy":"post_tag","embeddable":true,"href":"https:\/\/starforlife.org\/sv\/wp-json\/wp\/v2\/tags?post=26828"}],"curies":[{"name":"wp","href":"https:\/\/api.w.org\/{rel}","templated":true}]}}