{"id":25828,"date":"2020-07-30T12:18:00","date_gmt":"2020-07-30T11:18:00","guid":{"rendered":"https:\/\/starforlife.org\/?p=25828"},"modified":"2021-03-16T12:20:05","modified_gmt":"2021-03-16T11:20:05","slug":"nar-viruset-haller-varlden-i-ett-jarngrepp-behover-barnen-hjalp-att-fa-tillbaka-sin-trygghet-och-framtidstro","status":"publish","type":"post","link":"https:\/\/starforlife.org\/sv\/nar-viruset-haller-varlden-i-ett-jarngrepp-behover-barnen-hjalp-att-fa-tillbaka-sin-trygghet-och-framtidstro\/","title":{"rendered":"\u201dN\u00e4r viruset h\u00e5ller v\u00e4rlden i ett j\u00e4rngrepp beh\u00f6ver barnen hj\u00e4lp att f\u00e5 tillbaka sin trygghet och framtidstro\u201d"},"content":{"rendered":"\n<p><strong><em>V\u00e5r generalsekreterare Ulrika Norberg skriver om dagsl\u00e4get i Sydafrika och om Star for Lifes viktiga uppgift fram\u00f6ver.<\/em><\/strong><\/p>\n\n\n\n<p><strong>Det \u00e4r ett halv\u00e5r<\/strong> sedan V\u00e4rldsh\u00e4lsoorganisationen utlyste globalt n\u00f6dl\u00e4ge och idag h\u00e4rjar pandemin \u00f6ver hela v\u00e5rt klot. Sydafrika \u00e4r ett av de h\u00e5rdast drabbade l\u00e4nderna i v\u00e4rlden \u2013 och som s\u00e5 ofta i kriser, \u00e4r det de redan utsatta som drabbas v\u00e4rst.<br>\u2013 L\u00e4get \u00e4r mycket tufft just nu, s\u00e4ger Mrs Thandeka Mabaso, Star for Lifes verksamhetsansvariga i s\u00f6dra Afrika.<br>Smittspridningen accelererar oavbrutet och nyss meddelade president Cyril Ramaphosa att regeringen beslutat att st\u00e4nga skolorna igen. Undervisningen upph\u00f6r till och med den 24 augusti, med n\u00e5gra undantag. Grade 12-eleverna \u00e4r borta en vecka, f\u00f6r att sedan \u00e5terv\u00e4nda till klassrummen den 3 augusti.<br>\u2013 Jag inser att det h\u00e4r \u00e4r en stor besvikelse f\u00f6r m\u00e5nga elever som vill tillbaka till skolorna, sa Ramaphosa i sitt tal till nationen. Men vi g\u00f6r detta f\u00f6r att vara s\u00e4kra p\u00e5 att skolorna inte blir smittk\u00e4llor i en tid n\u00e4r antalet drabbade \u00f6kar snabbt.<\/p>\n\n\n\n<p><strong>Under v\u00e5ren<\/strong> har Sydafrika haft total lockdown. Ingen har f\u00e5tt r\u00f6ra sig fritt utomhus, i stort sett alla verksamheter har st\u00e4ngts ner och f\u00f6rs\u00e4ljning av alkohol och tobak f\u00f6rbjudits. Restriktionerna l\u00e4ttade n\u00e5got under f\u00f6rsommaren och undervisningen kom ig\u00e5ng f\u00f6r flertalet elever i b\u00f6rjan av juni. Samtidigt har Star for Life-personal arbetat tillsammans med h\u00e4lso- och skolmyndigheterna f\u00f6r att sprida kunskap kring coronaviruset:<br>\u2013 V\u00e5rt team har h\u00e5llit olika workshops f\u00f6r b\u00e5de l\u00e4rare och elever, s\u00e4ger Thandeka Mabaso. Vi tar upp covid-19, b\u00e5de ur ett fysiskt och psykiskt perspektiv, och pratar bland annat om oron och stigmat som kan komma med sjukdomen.<\/p>\n\n\n\n<p><strong>I dagsl\u00e4get<\/strong> har n\u00e4stan 460 000 personer testats positiva, fler \u00e4n 7 200 har avlidit. Det \u00e4r heller ingen tvekan om att pandemin sl\u00e5r h\u00e5rdast mot de allra fattigaste. Sedan det sista kvartalet 2019 befinner sig den sydafrikanska ekonomin i recession, och bara mellan februari och april f\u00f6rlorade tre miljoner sydafrikaner sina arbeten. De flesta av dem kvinnor. Utan inkomst f\u00f6rsvinner f\u00f6rs\u00f6rjningen och familjer som redan lever p\u00e5 samh\u00e4llets skuggsida hamnar i en hoppl\u00f6s situation. Dessutom riskerar de som redan har en sjukdom att drabbas h\u00e5rdare av covid-19. Viruset sl\u00e5r med andra ord skoningsl\u00f6st mot Sydafrika d\u00e4r 20 procent av den vuxna befolkningen har hiv.<br>Sammantaget inneb\u00e4r allt detta att st\u00f6det till barnen och ungdomarna \u00e4r viktigare \u00e4n n\u00e5gonsin, den dagen de \u00e5terv\u00e4nder till klassrummen. Star for Lifes coacher finns f\u00f6r dem i skolorna f\u00f6r att ge styrka, uppmuntra och v\u00e4gleda \u2013 och behovet kommer att vara enormt. Det \u00e4r mer \u00e4n sj\u00e4lvklart, att n\u00e4r viruset h\u00e5ller v\u00e4rlden i ett j\u00e4rngrepp beh\u00f6ver de yngsta v\u00e5r hj\u00e4lp att f\u00e5 tillbaka sin trygghet och framtidstro.<\/p>\n\n\n\n<p><em><strong>Ni kan st\u00f6dja v\u00e5r verksamhet genom att ge ett bidrag. Swisha din g\u00e5va till 900 1611 eller via bankgiro 900-1611. Varje krona r\u00e4knas!<\/strong><\/em><\/p>\n","protected":false},"excerpt":{"rendered":"<p>V\u00e5r generalsekreterare Ulrika Norberg skriver om dagsl\u00e4get i Sydafrika och om Star for Lifes viktiga uppgift fram\u00f6ver. Det \u00e4r ett halv\u00e5r sedan V\u00e4rldsh\u00e4lsoorganisationen utlyste globalt n\u00f6dl\u00e4ge och idag h\u00e4rjar pandemin \u00f6ver hela v\u00e5rt klot. Sydafrika \u00e4r ett av de h\u00e5rdast drabbade l\u00e4nderna i v\u00e4rlden \u2013 och som s\u00e5 ofta i kriser, \u00e4r det de redan [&hellip;]<\/p>\n","protected":false},"author":1,"featured_media":25829,"comment_status":"closed","ping_status":"open","sticky":false,"template":"","format":"standard","meta":{"_acf_changed":false,"_et_pb_use_builder":"off","_et_pb_old_content":"","_et_gb_content_width":"","inline_featured_image":false,"footnotes":""},"categories":[20],"tags":[],"class_list":["post-25828","post","type-post","status-publish","format-standard","has-post-thumbnail","hentry","category-nyheter"],"acf":[],"yoast_head":"<!-- This site is optimized with the Yoast SEO plugin v27.5 - https:\/\/yoast.com\/product\/yoast-seo-wordpress\/ -->\n<title>\u201dN\u00e4r viruset h\u00e5ller v\u00e4rlden i ett j\u00e4rngrepp beh\u00f6ver barnen hj\u00e4lp att f\u00e5 tillbaka sin trygghet och framtidstro\u201d | Star for Life<\/title>\n<meta name=\"robots\" content=\"index, follow, max-snippet:-1, max-image-preview:large, max-video-preview:-1\" \/>\n<link rel=\"canonical\" href=\"https:\/\/starforlife.org\/nar-viruset-haller-varlden-i-ett-jarngrepp-behover-barnen-hjalp-att-fa-tillbaka-sin-trygghet-och-framtidstro\/\" \/>\n<meta property=\"og:locale\" content=\"sv_SE\" \/>\n<meta property=\"og:type\" content=\"article\" \/>\n<meta property=\"og:title\" content=\"\u201dN\u00e4r viruset h\u00e5ller v\u00e4rlden i ett j\u00e4rngrepp beh\u00f6ver barnen hj\u00e4lp att f\u00e5 tillbaka sin trygghet och framtidstro\u201d | Star for Life\" \/>\n<meta property=\"og:description\" content=\"V\u00e5r generalsekreterare Ulrika Norberg skriver om dagsl\u00e4get i Sydafrika och om Star for Lifes viktiga uppgift fram\u00f6ver. Det \u00e4r ett halv\u00e5r sedan V\u00e4rldsh\u00e4lsoorganisationen utlyste globalt n\u00f6dl\u00e4ge och idag h\u00e4rjar pandemin \u00f6ver hela v\u00e5rt klot. Sydafrika \u00e4r ett av de h\u00e5rdast drabbade l\u00e4nderna i v\u00e4rlden \u2013 och som s\u00e5 ofta i kriser, \u00e4r det de redan [&hellip;]\" \/>\n<meta property=\"og:site_name\" content=\"Star for Life\" \/>\n<meta property=\"article:publisher\" content=\"https:\/\/www.facebook.com\/starforlifeofficial\" \/>\n<meta property=\"article:published_time\" content=\"2020-07-30T11:18:00+00:00\" \/>\n<meta property=\"article:modified_time\" content=\"2021-03-16T11:20:05+00:00\" \/>\n<meta property=\"og:image\" content=\"https:\/\/starforlife.org\/wp-content\/uploads\/2021\/03\/Uppdatering-skolan-webben-kopiaNY-1024x657-2.jpg\" \/>\n\t<meta property=\"og:image:width\" content=\"1024\" \/>\n\t<meta property=\"og:image:height\" content=\"657\" \/>\n\t<meta property=\"og:image:type\" content=\"image\/jpeg\" \/>\n<meta name=\"author\" content=\"elin@elindstrom.se\" \/>\n<meta name=\"twitter:card\" content=\"summary_large_image\" \/>\n<meta name=\"twitter:label1\" content=\"Skriven av\" \/>\n\t<meta name=\"twitter:data1\" content=\"elin@elindstrom.se\" \/>\n\t<meta name=\"twitter:label2\" content=\"Ber\u00e4knad l\u00e4stid\" \/>\n\t<meta name=\"twitter:data2\" content=\"3 minuter\" \/>\n<script type=\"application\/ld+json\" class=\"yoast-schema-graph\">{\"@context\":\"https:\\\/\\\/schema.org\",\"@graph\":[{\"@type\":\"Article\",\"@id\":\"https:\\\/\\\/starforlife.org\\\/nar-viruset-haller-varlden-i-ett-jarngrepp-behover-barnen-hjalp-att-fa-tillbaka-sin-trygghet-och-framtidstro\\\/#article\",\"isPartOf\":{\"@id\":\"https:\\\/\\\/starforlife.org\\\/nar-viruset-haller-varlden-i-ett-jarngrepp-behover-barnen-hjalp-att-fa-tillbaka-sin-trygghet-och-framtidstro\\\/\"},\"author\":{\"name\":\"elin@elindstrom.se\",\"@id\":\"https:\\\/\\\/starforlife.org\\\/#\\\/schema\\\/person\\\/b92dd442c701de89aee770ed1b04331b\"},\"headline\":\"\u201dN\u00e4r viruset h\u00e5ller v\u00e4rlden i ett j\u00e4rngrepp beh\u00f6ver barnen hj\u00e4lp att f\u00e5 tillbaka sin trygghet och framtidstro\u201d\",\"datePublished\":\"2020-07-30T11:18:00+00:00\",\"dateModified\":\"2021-03-16T11:20:05+00:00\",\"mainEntityOfPage\":{\"@id\":\"https:\\\/\\\/starforlife.org\\\/nar-viruset-haller-varlden-i-ett-jarngrepp-behover-barnen-hjalp-att-fa-tillbaka-sin-trygghet-och-framtidstro\\\/\"},\"wordCount\":556,\"publisher\":{\"@id\":\"https:\\\/\\\/starforlife.org\\\/#organization\"},\"image\":{\"@id\":\"https:\\\/\\\/starforlife.org\\\/nar-viruset-haller-varlden-i-ett-jarngrepp-behover-barnen-hjalp-att-fa-tillbaka-sin-trygghet-och-framtidstro\\\/#primaryimage\"},\"thumbnailUrl\":\"https:\\\/\\\/starforlife.org\\\/wp-content\\\/uploads\\\/2021\\\/03\\\/Uppdatering-skolan-webben-kopiaNY-1024x657-2.jpg\",\"articleSection\":[\"- Nyheter\"],\"inLanguage\":\"sv-SE\"},{\"@type\":\"WebPage\",\"@id\":\"https:\\\/\\\/starforlife.org\\\/nar-viruset-haller-varlden-i-ett-jarngrepp-behover-barnen-hjalp-att-fa-tillbaka-sin-trygghet-och-framtidstro\\\/\",\"url\":\"https:\\\/\\\/starforlife.org\\\/nar-viruset-haller-varlden-i-ett-jarngrepp-behover-barnen-hjalp-att-fa-tillbaka-sin-trygghet-och-framtidstro\\\/\",\"name\":\"\u201dN\u00e4r viruset h\u00e5ller v\u00e4rlden i ett j\u00e4rngrepp beh\u00f6ver barnen hj\u00e4lp att f\u00e5 tillbaka sin trygghet och framtidstro\u201d | Star for Life\",\"isPartOf\":{\"@id\":\"https:\\\/\\\/starforlife.org\\\/#website\"},\"primaryImageOfPage\":{\"@id\":\"https:\\\/\\\/starforlife.org\\\/nar-viruset-haller-varlden-i-ett-jarngrepp-behover-barnen-hjalp-att-fa-tillbaka-sin-trygghet-och-framtidstro\\\/#primaryimage\"},\"image\":{\"@id\":\"https:\\\/\\\/starforlife.org\\\/nar-viruset-haller-varlden-i-ett-jarngrepp-behover-barnen-hjalp-att-fa-tillbaka-sin-trygghet-och-framtidstro\\\/#primaryimage\"},\"thumbnailUrl\":\"https:\\\/\\\/starforlife.org\\\/wp-content\\\/uploads\\\/2021\\\/03\\\/Uppdatering-skolan-webben-kopiaNY-1024x657-2.jpg\",\"datePublished\":\"2020-07-30T11:18:00+00:00\",\"dateModified\":\"2021-03-16T11:20:05+00:00\",\"inLanguage\":\"sv-SE\",\"potentialAction\":[{\"@type\":\"ReadAction\",\"target\":[\"https:\\\/\\\/starforlife.org\\\/nar-viruset-haller-varlden-i-ett-jarngrepp-behover-barnen-hjalp-att-fa-tillbaka-sin-trygghet-och-framtidstro\\\/\"]}]},{\"@type\":\"ImageObject\",\"inLanguage\":\"sv-SE\",\"@id\":\"https:\\\/\\\/starforlife.org\\\/nar-viruset-haller-varlden-i-ett-jarngrepp-behover-barnen-hjalp-att-fa-tillbaka-sin-trygghet-och-framtidstro\\\/#primaryimage\",\"url\":\"https:\\\/\\\/starforlife.org\\\/wp-content\\\/uploads\\\/2021\\\/03\\\/Uppdatering-skolan-webben-kopiaNY-1024x657-2.jpg\",\"contentUrl\":\"https:\\\/\\\/starforlife.org\\\/wp-content\\\/uploads\\\/2021\\\/03\\\/Uppdatering-skolan-webben-kopiaNY-1024x657-2.jpg\",\"width\":1024,\"height\":657},{\"@type\":\"WebSite\",\"@id\":\"https:\\\/\\\/starforlife.org\\\/#website\",\"url\":\"https:\\\/\\\/starforlife.org\\\/\",\"name\":\"Star for Life\",\"description\":\"Empowering young people\",\"publisher\":{\"@id\":\"https:\\\/\\\/starforlife.org\\\/#organization\"},\"alternateName\":\"SFL\",\"potentialAction\":[{\"@type\":\"SearchAction\",\"target\":{\"@type\":\"EntryPoint\",\"urlTemplate\":\"https:\\\/\\\/starforlife.org\\\/?s={search_term_string}\"},\"query-input\":{\"@type\":\"PropertyValueSpecification\",\"valueRequired\":true,\"valueName\":\"search_term_string\"}}],\"inLanguage\":\"sv-SE\"},{\"@type\":\"Organization\",\"@id\":\"https:\\\/\\\/starforlife.org\\\/#organization\",\"name\":\"Star for life\",\"url\":\"https:\\\/\\\/starforlife.org\\\/\",\"logo\":{\"@type\":\"ImageObject\",\"inLanguage\":\"sv-SE\",\"@id\":\"https:\\\/\\\/starforlife.org\\\/#\\\/schema\\\/logo\\\/image\\\/\",\"url\":\"https:\\\/\\\/starforlife.org\\\/wp-content\\\/uploads\\\/2024\\\/02\\\/logga.svg\",\"contentUrl\":\"https:\\\/\\\/starforlife.org\\\/wp-content\\\/uploads\\\/2024\\\/02\\\/logga.svg\",\"width\":\"1024\",\"height\":\"1024\",\"caption\":\"Star for life\"},\"image\":{\"@id\":\"https:\\\/\\\/starforlife.org\\\/#\\\/schema\\\/logo\\\/image\\\/\"},\"sameAs\":[\"https:\\\/\\\/www.facebook.com\\\/starforlifeofficial\",\"https:\\\/\\\/www.linkedin.com\\\/company\\\/7063029\\\/\"]},{\"@type\":\"Person\",\"@id\":\"https:\\\/\\\/starforlife.org\\\/#\\\/schema\\\/person\\\/b92dd442c701de89aee770ed1b04331b\",\"name\":\"elin@elindstrom.se\",\"image\":{\"@type\":\"ImageObject\",\"inLanguage\":\"sv-SE\",\"@id\":\"https:\\\/\\\/secure.gravatar.com\\\/avatar\\\/573d017884b83f5d6e9567562f0e6188fc960321c4141a9eacee869a63e4768b?s=96&d=mm&r=g\",\"url\":\"https:\\\/\\\/secure.gravatar.com\\\/avatar\\\/573d017884b83f5d6e9567562f0e6188fc960321c4141a9eacee869a63e4768b?s=96&d=mm&r=g\",\"contentUrl\":\"https:\\\/\\\/secure.gravatar.com\\\/avatar\\\/573d017884b83f5d6e9567562f0e6188fc960321c4141a9eacee869a63e4768b?s=96&d=mm&r=g\",\"caption\":\"elin@elindstrom.se\"},\"sameAs\":[\"https:\\\/\\\/starforlife.org\"]}]}<\/script>\n<!-- \/ Yoast SEO plugin. -->","yoast_head_json":{"title":"\u201dN\u00e4r viruset h\u00e5ller v\u00e4rlden i ett j\u00e4rngrepp beh\u00f6ver barnen hj\u00e4lp att f\u00e5 tillbaka sin trygghet och framtidstro\u201d | Star for Life","robots":{"index":"index","follow":"follow","max-snippet":"max-snippet:-1","max-image-preview":"max-image-preview:large","max-video-preview":"max-video-preview:-1"},"canonical":"https:\/\/starforlife.org\/nar-viruset-haller-varlden-i-ett-jarngrepp-behover-barnen-hjalp-att-fa-tillbaka-sin-trygghet-och-framtidstro\/","og_locale":"sv_SE","og_type":"article","og_title":"\u201dN\u00e4r viruset h\u00e5ller v\u00e4rlden i ett j\u00e4rngrepp beh\u00f6ver barnen hj\u00e4lp att f\u00e5 tillbaka sin trygghet och framtidstro\u201d | Star for Life","og_description":"V\u00e5r generalsekreterare Ulrika Norberg skriver om dagsl\u00e4get i Sydafrika och om Star for Lifes viktiga uppgift fram\u00f6ver. Det \u00e4r ett halv\u00e5r sedan V\u00e4rldsh\u00e4lsoorganisationen utlyste globalt n\u00f6dl\u00e4ge och idag h\u00e4rjar pandemin \u00f6ver hela v\u00e5rt klot. Sydafrika \u00e4r ett av de h\u00e5rdast drabbade l\u00e4nderna i v\u00e4rlden \u2013 och som s\u00e5 ofta i kriser, \u00e4r det de redan [&hellip;]","og_site_name":"Star for Life","article_publisher":"https:\/\/www.facebook.com\/starforlifeofficial","article_published_time":"2020-07-30T11:18:00+00:00","article_modified_time":"2021-03-16T11:20:05+00:00","og_image":[{"width":1024,"height":657,"url":"https:\/\/starforlife.org\/wp-content\/uploads\/2021\/03\/Uppdatering-skolan-webben-kopiaNY-1024x657-2.jpg","type":"image\/jpeg"}],"author":"elin@elindstrom.se","twitter_card":"summary_large_image","twitter_misc":{"Skriven av":"elin@elindstrom.se","Ber\u00e4knad l\u00e4stid":"3 minuter"},"schema":{"@context":"https:\/\/schema.org","@graph":[{"@type":"Article","@id":"https:\/\/starforlife.org\/nar-viruset-haller-varlden-i-ett-jarngrepp-behover-barnen-hjalp-att-fa-tillbaka-sin-trygghet-och-framtidstro\/#article","isPartOf":{"@id":"https:\/\/starforlife.org\/nar-viruset-haller-varlden-i-ett-jarngrepp-behover-barnen-hjalp-att-fa-tillbaka-sin-trygghet-och-framtidstro\/"},"author":{"name":"elin@elindstrom.se","@id":"https:\/\/starforlife.org\/#\/schema\/person\/b92dd442c701de89aee770ed1b04331b"},"headline":"\u201dN\u00e4r viruset h\u00e5ller v\u00e4rlden i ett j\u00e4rngrepp beh\u00f6ver barnen hj\u00e4lp att f\u00e5 tillbaka sin trygghet och framtidstro\u201d","datePublished":"2020-07-30T11:18:00+00:00","dateModified":"2021-03-16T11:20:05+00:00","mainEntityOfPage":{"@id":"https:\/\/starforlife.org\/nar-viruset-haller-varlden-i-ett-jarngrepp-behover-barnen-hjalp-att-fa-tillbaka-sin-trygghet-och-framtidstro\/"},"wordCount":556,"publisher":{"@id":"https:\/\/starforlife.org\/#organization"},"image":{"@id":"https:\/\/starforlife.org\/nar-viruset-haller-varlden-i-ett-jarngrepp-behover-barnen-hjalp-att-fa-tillbaka-sin-trygghet-och-framtidstro\/#primaryimage"},"thumbnailUrl":"https:\/\/starforlife.org\/wp-content\/uploads\/2021\/03\/Uppdatering-skolan-webben-kopiaNY-1024x657-2.jpg","articleSection":["- Nyheter"],"inLanguage":"sv-SE"},{"@type":"WebPage","@id":"https:\/\/starforlife.org\/nar-viruset-haller-varlden-i-ett-jarngrepp-behover-barnen-hjalp-att-fa-tillbaka-sin-trygghet-och-framtidstro\/","url":"https:\/\/starforlife.org\/nar-viruset-haller-varlden-i-ett-jarngrepp-behover-barnen-hjalp-att-fa-tillbaka-sin-trygghet-och-framtidstro\/","name":"\u201dN\u00e4r viruset h\u00e5ller v\u00e4rlden i ett j\u00e4rngrepp beh\u00f6ver barnen hj\u00e4lp att f\u00e5 tillbaka sin trygghet och framtidstro\u201d | Star for Life","isPartOf":{"@id":"https:\/\/starforlife.org\/#website"},"primaryImageOfPage":{"@id":"https:\/\/starforlife.org\/nar-viruset-haller-varlden-i-ett-jarngrepp-behover-barnen-hjalp-att-fa-tillbaka-sin-trygghet-och-framtidstro\/#primaryimage"},"image":{"@id":"https:\/\/starforlife.org\/nar-viruset-haller-varlden-i-ett-jarngrepp-behover-barnen-hjalp-att-fa-tillbaka-sin-trygghet-och-framtidstro\/#primaryimage"},"thumbnailUrl":"https:\/\/starforlife.org\/wp-content\/uploads\/2021\/03\/Uppdatering-skolan-webben-kopiaNY-1024x657-2.jpg","datePublished":"2020-07-30T11:18:00+00:00","dateModified":"2021-03-16T11:20:05+00:00","inLanguage":"sv-SE","potentialAction":[{"@type":"ReadAction","target":["https:\/\/starforlife.org\/nar-viruset-haller-varlden-i-ett-jarngrepp-behover-barnen-hjalp-att-fa-tillbaka-sin-trygghet-och-framtidstro\/"]}]},{"@type":"ImageObject","inLanguage":"sv-SE","@id":"https:\/\/starforlife.org\/nar-viruset-haller-varlden-i-ett-jarngrepp-behover-barnen-hjalp-att-fa-tillbaka-sin-trygghet-och-framtidstro\/#primaryimage","url":"https:\/\/starforlife.org\/wp-content\/uploads\/2021\/03\/Uppdatering-skolan-webben-kopiaNY-1024x657-2.jpg","contentUrl":"https:\/\/starforlife.org\/wp-content\/uploads\/2021\/03\/Uppdatering-skolan-webben-kopiaNY-1024x657-2.jpg","width":1024,"height":657},{"@type":"WebSite","@id":"https:\/\/starforlife.org\/#website","url":"https:\/\/starforlife.org\/","name":"Star for Life","description":"Empowering young people","publisher":{"@id":"https:\/\/starforlife.org\/#organization"},"alternateName":"SFL","potentialAction":[{"@type":"SearchAction","target":{"@type":"EntryPoint","urlTemplate":"https:\/\/starforlife.org\/?s={search_term_string}"},"query-input":{"@type":"PropertyValueSpecification","valueRequired":true,"valueName":"search_term_string"}}],"inLanguage":"sv-SE"},{"@type":"Organization","@id":"https:\/\/starforlife.org\/#organization","name":"Star for life","url":"https:\/\/starforlife.org\/","logo":{"@type":"ImageObject","inLanguage":"sv-SE","@id":"https:\/\/starforlife.org\/#\/schema\/logo\/image\/","url":"https:\/\/starforlife.org\/wp-content\/uploads\/2024\/02\/logga.svg","contentUrl":"https:\/\/starforlife.org\/wp-content\/uploads\/2024\/02\/logga.svg","width":"1024","height":"1024","caption":"Star for life"},"image":{"@id":"https:\/\/starforlife.org\/#\/schema\/logo\/image\/"},"sameAs":["https:\/\/www.facebook.com\/starforlifeofficial","https:\/\/www.linkedin.com\/company\/7063029\/"]},{"@type":"Person","@id":"https:\/\/starforlife.org\/#\/schema\/person\/b92dd442c701de89aee770ed1b04331b","name":"elin@elindstrom.se","image":{"@type":"ImageObject","inLanguage":"sv-SE","@id":"https:\/\/secure.gravatar.com\/avatar\/573d017884b83f5d6e9567562f0e6188fc960321c4141a9eacee869a63e4768b?s=96&d=mm&r=g","url":"https:\/\/secure.gravatar.com\/avatar\/573d017884b83f5d6e9567562f0e6188fc960321c4141a9eacee869a63e4768b?s=96&d=mm&r=g","contentUrl":"https:\/\/secure.gravatar.com\/avatar\/573d017884b83f5d6e9567562f0e6188fc960321c4141a9eacee869a63e4768b?s=96&d=mm&r=g","caption":"elin@elindstrom.se"},"sameAs":["https:\/\/starforlife.org"]}]}},"_links":{"self":[{"href":"https:\/\/starforlife.org\/sv\/wp-json\/wp\/v2\/posts\/25828","targetHints":{"allow":["GET"]}}],"collection":[{"href":"https:\/\/starforlife.org\/sv\/wp-json\/wp\/v2\/posts"}],"about":[{"href":"https:\/\/starforlife.org\/sv\/wp-json\/wp\/v2\/types\/post"}],"author":[{"embeddable":true,"href":"https:\/\/starforlife.org\/sv\/wp-json\/wp\/v2\/users\/1"}],"replies":[{"embeddable":true,"href":"https:\/\/starforlife.org\/sv\/wp-json\/wp\/v2\/comments?post=25828"}],"version-history":[{"count":1,"href":"https:\/\/starforlife.org\/sv\/wp-json\/wp\/v2\/posts\/25828\/revisions"}],"predecessor-version":[{"id":25832,"href":"https:\/\/starforlife.org\/sv\/wp-json\/wp\/v2\/posts\/25828\/revisions\/25832"}],"wp:featuredmedia":[{"embeddable":true,"href":"https:\/\/starforlife.org\/sv\/wp-json\/wp\/v2\/media\/25829"}],"wp:attachment":[{"href":"https:\/\/starforlife.org\/sv\/wp-json\/wp\/v2\/media?parent=25828"}],"wp:term":[{"taxonomy":"category","embeddable":true,"href":"https:\/\/starforlife.org\/sv\/wp-json\/wp\/v2\/categories?post=25828"},{"taxonomy":"post_tag","embeddable":true,"href":"https:\/\/starforlife.org\/sv\/wp-json\/wp\/v2\/tags?post=25828"}],"curies":[{"name":"wp","href":"https:\/\/api.w.org\/{rel}","templated":true}]}}